{"id":166,"date":"2024-06-19T22:13:50","date_gmt":"2024-06-19T20:13:50","guid":{"rendered":"https:\/\/antirumors.l-h.cat\/?p=166"},"modified":"2024-07-20T18:53:34","modified_gmt":"2024-07-20T16:53:34","slug":"sessions-formatives-per-als-treballadors-municipals","status":"publish","type":"post","link":"https:\/\/antirumors.l-h.cat\/es\/activitats\/sessions-formatives-per-als-treballadors-municipals\/","title":{"rendered":"Sesiones formativas para los trabajadores municipales"},"content":{"rendered":"<h2 class=\"wp-block-heading\"><\/h2>\n\n\n\n<p>T\u00e9cnicos de diferentes \u00e1reas del ayuntamiento han recibido formaci\u00f3n durante meses para dar herramientas a los profesionales que atienden a la ciudadan\u00eda para que puedan contrarrestar los rumores.<\/p>","protected":false},"excerpt":{"rendered":"<p>T\u00e9cnicos de diferentes \u00e1reas del ayuntamiento han recibido formaci\u00f3n durante meses para dar herramientas a los profesionales que atienden a la ciudadan\u00eda para que puedan contrarrestar los rumores.<\/p>\n","protected":false},"author":1,"featured_media":340,"comment_status":"closed","ping_status":"closed","sticky":false,"template":"","format":"standard","meta":{"inline_featured_image":false,"footnotes":"","_links_to":"","_links_to_target":""},"categories":[2],"tags":[],"class_list":["post-166","post","type-post","status-publish","format-standard","has-post-thumbnail","hentry","category-activitats"],"yoast_head":"<!-- This site is optimized with the Yoast SEO plugin v27.5 - https:\/\/yoast.com\/product\/yoast-seo-wordpress\/ -->\n<title>Sesiones formativas para los trabajadores municipales - RED ANTIRRUMORES L\u2019H<\/title>\n<meta name=\"robots\" content=\"index, follow, max-snippet:-1, max-image-preview:large, max-video-preview:-1\" \/>\n<link rel=\"canonical\" href=\"https:\/\/antirumors.l-h.cat\/es\/activitats\/sessions-formatives-per-als-treballadors-municipals\/\" \/>\n<meta property=\"og:locale\" content=\"es_ES\" \/>\n<meta property=\"og:type\" content=\"article\" \/>\n<meta property=\"og:title\" content=\"Sesiones formativas para los trabajadores municipales - RED ANTIRRUMORES L\u2019H\" \/>\n<meta property=\"og:description\" content=\"T\u00e9cnicos de diferentes \u00e1reas del ayuntamiento han recibido formaci\u00f3n durante meses para dar herramientas a los profesionales que atienden a la ciudadan\u00eda para que puedan contrarrestar los rumores.\" \/>\n<meta property=\"og:url\" content=\"https:\/\/antirumors.l-h.cat\/es\/activitats\/sessions-formatives-per-als-treballadors-municipals\/\" \/>\n<meta property=\"og:site_name\" content=\"RED ANTIRRUMORES L\u2019H\" \/>\n<meta property=\"article:published_time\" content=\"2024-06-19T20:13:50+00:00\" \/>\n<meta property=\"article:modified_time\" content=\"2024-07-20T16:53:34+00:00\" \/>\n<meta property=\"og:image\" content=\"https:\/\/antirumors.l-h.cat\/wp-content\/uploads\/manoli.jpg\" \/>\n\t<meta property=\"og:image:width\" content=\"1024\" \/>\n\t<meta property=\"og:image:height\" content=\"768\" \/>\n\t<meta property=\"og:image:type\" content=\"image\/jpeg\" \/>\n<meta name=\"author\" content=\"@adminxar\" \/>\n<meta name=\"twitter:card\" content=\"summary_large_image\" \/>\n<meta name=\"twitter:label1\" content=\"Escrito por\" \/>\n\t<meta name=\"twitter:data1\" content=\"@adminxar\" \/>\n\t<meta name=\"twitter:label2\" content=\"Tiempo de lectura\" \/>\n\t<meta name=\"twitter:data2\" content=\"1 minuto\" \/>\n<script type=\"application\/ld+json\" class=\"yoast-schema-graph\">{\"@context\":\"https:\\\/\\\/schema.org\",\"@graph\":[{\"@type\":\"Article\",\"@id\":\"https:\\\/\\\/antirumors.l-h.cat\\\/activitats\\\/sessions-formatives-per-als-treballadors-municipals\\\/#article\",\"isPartOf\":{\"@id\":\"https:\\\/\\\/antirumors.l-h.cat\\\/activitats\\\/sessions-formatives-per-als-treballadors-municipals\\\/\"},\"author\":{\"name\":\"@adminxar\",\"@id\":\"https:\\\/\\\/antirumors.l-h.cat\\\/#\\\/schema\\\/person\\\/5b6a498afd82502861f757dc0f1bf572\"},\"headline\":\"Sesiones formativas para los trabajadores municipales\",\"datePublished\":\"2024-06-19T20:13:50+00:00\",\"dateModified\":\"2024-07-20T16:53:34+00:00\",\"mainEntityOfPage\":{\"@id\":\"https:\\\/\\\/antirumors.l-h.cat\\\/activitats\\\/sessions-formatives-per-als-treballadors-municipals\\\/\"},\"wordCount\":79,\"image\":{\"@id\":\"https:\\\/\\\/antirumors.l-h.cat\\\/activitats\\\/sessions-formatives-per-als-treballadors-municipals\\\/#primaryimage\"},\"thumbnailUrl\":\"https:\\\/\\\/antirumors.l-h.cat\\\/wp-content\\\/uploads\\\/manoli.jpg\",\"articleSection\":[\"actividades\"],\"inLanguage\":\"es\"},{\"@type\":\"WebPage\",\"@id\":\"https:\\\/\\\/antirumors.l-h.cat\\\/es\\\/activitats\\\/sessions-formatives-per-als-treballadors-municipals\\\/\",\"url\":\"https:\\\/\\\/antirumors.l-h.cat\\\/es\\\/activitats\\\/sessions-formatives-per-als-treballadors-municipals\\\/\",\"name\":\"Sesiones formativas para los trabajadores municipales - RED ANTIRRUMORES L\u2019H\",\"isPartOf\":{\"@id\":\"https:\\\/\\\/antirumors.l-h.cat\\\/es\\\/#website\"},\"primaryImageOfPage\":{\"@id\":\"https:\\\/\\\/antirumors.l-h.cat\\\/es\\\/activitats\\\/sessions-formatives-per-als-treballadors-municipals\\\/#primaryimage\"},\"image\":{\"@id\":\"https:\\\/\\\/antirumors.l-h.cat\\\/activitats\\\/sessions-formatives-per-als-treballadors-municipals\\\/#primaryimage\"},\"thumbnailUrl\":\"https:\\\/\\\/antirumors.l-h.cat\\\/wp-content\\\/uploads\\\/manoli.jpg\",\"datePublished\":\"2024-06-19T20:13:50+00:00\",\"dateModified\":\"2024-07-20T16:53:34+00:00\",\"author\":{\"@id\":\"https:\\\/\\\/antirumors.l-h.cat\\\/#\\\/schema\\\/person\\\/5b6a498afd82502861f757dc0f1bf572\"},\"breadcrumb\":{\"@id\":\"https:\\\/\\\/antirumors.l-h.cat\\\/es\\\/activitats\\\/sessions-formatives-per-als-treballadors-municipals\\\/#breadcrumb\"},\"inLanguage\":\"es\",\"potentialAction\":[{\"@type\":\"ReadAction\",\"target\":[[\"https:\\\/\\\/antirumors.l-h.cat\\\/es\\\/activitats\\\/sessions-formatives-per-als-treballadors-municipals\\\/\"]]}]},{\"@type\":\"ImageObject\",\"inLanguage\":\"es\",\"@id\":\"https:\\\/\\\/antirumors.l-h.cat\\\/es\\\/activitats\\\/sessions-formatives-per-als-treballadors-municipals\\\/#primaryimage\",\"url\":\"https:\\\/\\\/antirumors.l-h.cat\\\/wp-content\\\/uploads\\\/manoli.jpg\",\"contentUrl\":\"https:\\\/\\\/antirumors.l-h.cat\\\/wp-content\\\/uploads\\\/manoli.jpg\",\"width\":1024,\"height\":768},{\"@type\":\"BreadcrumbList\",\"@id\":\"https:\\\/\\\/antirumors.l-h.cat\\\/es\\\/activitats\\\/sessions-formatives-per-als-treballadors-municipals\\\/#breadcrumb\",\"itemListElement\":[{\"@type\":\"ListItem\",\"position\":1,\"name\":\"Inici\",\"item\":\"https:\\\/\\\/antirumors.l-h.cat\\\/es\\\/\"},{\"@type\":\"ListItem\",\"position\":2,\"name\":\"Sessions formatives per als treballadors municipals\"}]},{\"@type\":\"WebSite\",\"@id\":\"https:\\\/\\\/antirumors.l-h.cat\\\/es\\\/#website\",\"url\":\"https:\\\/\\\/antirumors.l-h.cat\\\/es\\\/\",\"name\":\"RED ANTIRRUMORES L\u2019H\",\"description\":\"\",\"potentialAction\":[{\"@type\":\"SearchAction\",\"target\":{\"@type\":\"EntryPoint\",\"urlTemplate\":\"https:\\\/\\\/antirumors.l-h.cat\\\/es\\\/?s={search_term_string}\"},\"query-input\":{\"@type\":\"PropertyValueSpecification\",\"valueRequired\":true,\"valueName\":\"search_term_string\"}}],\"inLanguage\":\"es\"},{\"@type\":\"Person\",\"@id\":\"https:\\\/\\\/antirumors.l-h.cat\\\/#\\\/schema\\\/person\\\/5b6a498afd82502861f757dc0f1bf572\",\"name\":\"@adminxar\",\"sameAs\":[\"https:\\\/\\\/antirumors.l-h.cat\"]}]}<\/script>\n<!-- \/ Yoast SEO plugin. -->","yoast_head_json":{"title":"Sesiones formativas para los trabajadores municipales - RED ANTIRRUMORES L\u2019H","robots":{"index":"index","follow":"follow","max-snippet":"max-snippet:-1","max-image-preview":"max-image-preview:large","max-video-preview":"max-video-preview:-1"},"canonical":"https:\/\/antirumors.l-h.cat\/es\/activitats\/sessions-formatives-per-als-treballadors-municipals\/","og_locale":"es_ES","og_type":"article","og_title":"Sesiones formativas para los trabajadores municipales - RED ANTIRRUMORES L\u2019H","og_description":"T\u00e9cnicos de diferentes \u00e1reas del ayuntamiento han recibido formaci\u00f3n durante meses para dar herramientas a los profesionales que atienden a la ciudadan\u00eda para que puedan contrarrestar los rumores.","og_url":"https:\/\/antirumors.l-h.cat\/es\/activitats\/sessions-formatives-per-als-treballadors-municipals\/","og_site_name":"RED ANTIRRUMORES L\u2019H","article_published_time":"2024-06-19T20:13:50+00:00","article_modified_time":"2024-07-20T16:53:34+00:00","og_image":[{"width":1024,"height":768,"url":"https:\/\/antirumors.l-h.cat\/wp-content\/uploads\/manoli.jpg","type":"image\/jpeg"}],"author":"@adminxar","twitter_card":"summary_large_image","twitter_misc":{"Escrito por":"@adminxar","Tiempo de lectura":"1 minuto"},"schema":{"@context":"https:\/\/schema.org","@graph":[{"@type":"Article","@id":"https:\/\/antirumors.l-h.cat\/activitats\/sessions-formatives-per-als-treballadors-municipals\/#article","isPartOf":{"@id":"https:\/\/antirumors.l-h.cat\/activitats\/sessions-formatives-per-als-treballadors-municipals\/"},"author":{"name":"@adminxar","@id":"https:\/\/antirumors.l-h.cat\/#\/schema\/person\/5b6a498afd82502861f757dc0f1bf572"},"headline":"Sesiones formativas para los trabajadores municipales","datePublished":"2024-06-19T20:13:50+00:00","dateModified":"2024-07-20T16:53:34+00:00","mainEntityOfPage":{"@id":"https:\/\/antirumors.l-h.cat\/activitats\/sessions-formatives-per-als-treballadors-municipals\/"},"wordCount":79,"image":{"@id":"https:\/\/antirumors.l-h.cat\/activitats\/sessions-formatives-per-als-treballadors-municipals\/#primaryimage"},"thumbnailUrl":"https:\/\/antirumors.l-h.cat\/wp-content\/uploads\/manoli.jpg","articleSection":["actividades"],"inLanguage":"es"},{"@type":"WebPage","@id":"https:\/\/antirumors.l-h.cat\/es\/activitats\/sessions-formatives-per-als-treballadors-municipals\/","url":"https:\/\/antirumors.l-h.cat\/es\/activitats\/sessions-formatives-per-als-treballadors-municipals\/","name":"Sesiones formativas para los trabajadores municipales - RED ANTIRRUMORES L\u2019H","isPartOf":{"@id":"https:\/\/antirumors.l-h.cat\/es\/#website"},"primaryImageOfPage":{"@id":"https:\/\/antirumors.l-h.cat\/es\/activitats\/sessions-formatives-per-als-treballadors-municipals\/#primaryimage"},"image":{"@id":"https:\/\/antirumors.l-h.cat\/activitats\/sessions-formatives-per-als-treballadors-municipals\/#primaryimage"},"thumbnailUrl":"https:\/\/antirumors.l-h.cat\/wp-content\/uploads\/manoli.jpg","datePublished":"2024-06-19T20:13:50+00:00","dateModified":"2024-07-20T16:53:34+00:00","author":{"@id":"https:\/\/antirumors.l-h.cat\/#\/schema\/person\/5b6a498afd82502861f757dc0f1bf572"},"breadcrumb":{"@id":"https:\/\/antirumors.l-h.cat\/es\/activitats\/sessions-formatives-per-als-treballadors-municipals\/#breadcrumb"},"inLanguage":"es","potentialAction":[{"@type":"ReadAction","target":[["https:\/\/antirumors.l-h.cat\/es\/activitats\/sessions-formatives-per-als-treballadors-municipals\/"]]}]},{"@type":"ImageObject","inLanguage":"es","@id":"https:\/\/antirumors.l-h.cat\/es\/activitats\/sessions-formatives-per-als-treballadors-municipals\/#primaryimage","url":"https:\/\/antirumors.l-h.cat\/wp-content\/uploads\/manoli.jpg","contentUrl":"https:\/\/antirumors.l-h.cat\/wp-content\/uploads\/manoli.jpg","width":1024,"height":768},{"@type":"BreadcrumbList","@id":"https:\/\/antirumors.l-h.cat\/es\/activitats\/sessions-formatives-per-als-treballadors-municipals\/#breadcrumb","itemListElement":[{"@type":"ListItem","position":1,"name":"Inici","item":"https:\/\/antirumors.l-h.cat\/es\/"},{"@type":"ListItem","position":2,"name":"Sessions formatives per als treballadors municipals"}]},{"@type":"WebSite","@id":"https:\/\/antirumors.l-h.cat\/es\/#website","url":"https:\/\/antirumors.l-h.cat\/es\/","name":"RED ANTIRRUMORES L\u2019H","description":"","potentialAction":[{"@type":"SearchAction","target":{"@type":"EntryPoint","urlTemplate":"https:\/\/antirumors.l-h.cat\/es\/?s={search_term_string}"},"query-input":{"@type":"PropertyValueSpecification","valueRequired":true,"valueName":"search_term_string"}}],"inLanguage":"es"},{"@type":"Person","@id":"https:\/\/antirumors.l-h.cat\/#\/schema\/person\/5b6a498afd82502861f757dc0f1bf572","name":"@adminxar","sameAs":["https:\/\/antirumors.l-h.cat"]}]}},"_links":{"self":[{"href":"https:\/\/antirumors.l-h.cat\/es\/wp-json\/wp\/v2\/posts\/166","targetHints":{"allow":["GET"]}}],"collection":[{"href":"https:\/\/antirumors.l-h.cat\/es\/wp-json\/wp\/v2\/posts"}],"about":[{"href":"https:\/\/antirumors.l-h.cat\/es\/wp-json\/wp\/v2\/types\/post"}],"author":[{"embeddable":true,"href":"https:\/\/antirumors.l-h.cat\/es\/wp-json\/wp\/v2\/users\/1"}],"replies":[{"embeddable":true,"href":"https:\/\/antirumors.l-h.cat\/es\/wp-json\/wp\/v2\/comments?post=166"}],"version-history":[{"count":7,"href":"https:\/\/antirumors.l-h.cat\/es\/wp-json\/wp\/v2\/posts\/166\/revisions"}],"predecessor-version":[{"id":416,"href":"https:\/\/antirumors.l-h.cat\/es\/wp-json\/wp\/v2\/posts\/166\/revisions\/416"}],"wp:featuredmedia":[{"embeddable":true,"href":"https:\/\/antirumors.l-h.cat\/es\/wp-json\/wp\/v2\/media\/340"}],"wp:attachment":[{"href":"https:\/\/antirumors.l-h.cat\/es\/wp-json\/wp\/v2\/media?parent=166"}],"wp:term":[{"taxonomy":"category","embeddable":true,"href":"https:\/\/antirumors.l-h.cat\/es\/wp-json\/wp\/v2\/categories?post=166"},{"taxonomy":"post_tag","embeddable":true,"href":"https:\/\/antirumors.l-h.cat\/es\/wp-json\/wp\/v2\/tags?post=166"}],"curies":[{"name":"wp","href":"https:\/\/api.w.org\/{rel}","templated":true}]}}