{"id":347,"date":"2024-06-16T18:43:00","date_gmt":"2024-06-16T16:43:00","guid":{"rendered":"https:\/\/antirumors.l-h.cat\/?p=347"},"modified":"2024-07-20T18:54:02","modified_gmt":"2024-07-20T16:54:02","slug":"el-parc-de-la-marquesa-acull-una-nova-edicio-de-la-festa-de-la-diversitat","status":"publish","type":"post","link":"https:\/\/antirumors.l-h.cat\/es\/activitats\/el-parc-de-la-marquesa-acull-una-nova-edicio-de-la-festa-de-la-diversitat\/","title":{"rendered":"El parque de la Marquesa acoge una nueva edici\u00f3n de la Fiesta de la diversidad"},"content":{"rendered":"<h3 class=\"wp-block-heading\">El domingo 16 de junio, L&#8217;Hospitalet celebr\u00f3 la 29\u00aa edici\u00f3n de la Fiesta de la diversidad en el Parc de la Marquesa. Una actividad para promover la diversidad cultural organizada por la Comisi\u00f3n de Fiestas de Collblanc-la Torrassa en el marco de la Fiesta Mayor del barrio, con la colaboraci\u00f3n del Ayuntamiento de L&#8217;Hospitalet y de la Diputaci\u00f3n de Barcelona.<\/h3>\n\n\n\n<p>Con actuaciones y espect\u00e1culos, un espacio de juegos, talleres y actividades, stands y exposiciones, as\u00ed como un espacio de debates. Actividades organizadas por m\u00e1s de 50 ONG, entidades y colectivos de diferentes \u00e1mbitos, que son una muestra de las diversas culturas que conviven en Hospitalet.<\/p>\n\n\n\n<p>Productos de comercio justo, artesan\u00eda de diversos pa\u00edses, exposiciones, muestras gastron\u00f3micas, talleres variados, conciertos y circo, un extenso programa de actividades con el objetivo de fomentar la convivencia y el respeto por la diversidad y donde los ciudadanos pueden acercarse y conocer los proyectos y entidades que trabajan en la ciudad.<\/p>\n\n\n\n<p>Esta cita anual de la ciudad tiene por objetivo favorecer una nueva mirada de la diversidad cultural y de la convivencia en el barrio y en la ciudad, a trav\u00e9s de la creaci\u00f3n de un espacio de convivencia intercultural para generar debate y reflexi\u00f3n, al tiempo que compartir proyectos y diversi\u00f3n.<\/p>\n\n\n\n<figure class=\"wp-block-image size-large\"><img loading=\"lazy\" decoding=\"async\" width=\"1024\" height=\"683\" src=\"https:\/\/antirumors.l-h.cat\/wp-content\/uploads\/festa-diversitat-2-1024x683.jpg\" alt=\"\" class=\"wp-image-350\" srcset=\"https:\/\/antirumors.l-h.cat\/wp-content\/uploads\/festa-diversitat-2-1024x683.jpg 1024w, https:\/\/antirumors.l-h.cat\/wp-content\/uploads\/festa-diversitat-2-300x200.jpg 300w, https:\/\/antirumors.l-h.cat\/wp-content\/uploads\/festa-diversitat-2-768x512.jpg 768w, https:\/\/antirumors.l-h.cat\/wp-content\/uploads\/festa-diversitat-2-50x33.jpg 50w, https:\/\/antirumors.l-h.cat\/wp-content\/uploads\/festa-diversitat-2-1600x1067.jpg 1600w, https:\/\/antirumors.l-h.cat\/wp-content\/uploads\/festa-diversitat-2-1536x1024.jpg 1536w, https:\/\/antirumors.l-h.cat\/wp-content\/uploads\/festa-diversitat-2-2048x1365.jpg 2048w\" sizes=\"auto, (max-width: 1024px) 100vw, 1024px\" \/><\/figure>","protected":false},"excerpt":{"rendered":"<p>Activitats organitzades per m\u00e9s de 50 ONG, entitats i col\u2022lectius de diferents \u00e0mbits<\/p>\n","protected":false},"author":1,"featured_media":349,"comment_status":"closed","ping_status":"closed","sticky":false,"template":"","format":"standard","meta":{"inline_featured_image":false,"footnotes":"","_links_to":"","_links_to_target":""},"categories":[2],"tags":[],"class_list":["post-347","post","type-post","status-publish","format-standard","has-post-thumbnail","hentry","category-activitats"],"yoast_head":"<!-- This site is optimized with the Yoast SEO plugin v27.5 - https:\/\/yoast.com\/product\/yoast-seo-wordpress\/ -->\n<title>El parque de la Marquesa acoge una nueva edici\u00f3n de la Fiesta de la diversidad - RED ANTIRRUMORES L\u2019H<\/title>\n<meta name=\"robots\" content=\"index, follow, max-snippet:-1, max-image-preview:large, max-video-preview:-1\" \/>\n<link rel=\"canonical\" href=\"https:\/\/antirumors.l-h.cat\/es\/activitats\/el-parc-de-la-marquesa-acull-una-nova-edicio-de-la-festa-de-la-diversitat\/\" \/>\n<meta property=\"og:locale\" content=\"es_ES\" \/>\n<meta property=\"og:type\" content=\"article\" \/>\n<meta property=\"og:title\" content=\"El parque de la Marquesa acoge una nueva edici\u00f3n de la Fiesta de la diversidad - RED ANTIRRUMORES L\u2019H\" \/>\n<meta property=\"og:description\" content=\"Activitats organitzades per m\u00e9s de 50 ONG, entitats i col\u2022lectius de diferents \u00e0mbits\" \/>\n<meta property=\"og:url\" content=\"https:\/\/antirumors.l-h.cat\/es\/activitats\/el-parc-de-la-marquesa-acull-una-nova-edicio-de-la-festa-de-la-diversitat\/\" \/>\n<meta property=\"og:site_name\" content=\"RED ANTIRRUMORES L\u2019H\" \/>\n<meta property=\"article:published_time\" content=\"2024-06-16T16:43:00+00:00\" \/>\n<meta property=\"article:modified_time\" content=\"2024-07-20T16:54:02+00:00\" \/>\n<meta property=\"og:image\" content=\"https:\/\/antirumors.l-h.cat\/wp-content\/uploads\/festa-diversitat-1-scaled.jpg\" \/>\n\t<meta property=\"og:image:width\" content=\"2560\" \/>\n\t<meta property=\"og:image:height\" content=\"1707\" \/>\n\t<meta property=\"og:image:type\" content=\"image\/jpeg\" \/>\n<meta name=\"author\" content=\"@adminxar\" \/>\n<meta name=\"twitter:card\" content=\"summary_large_image\" \/>\n<meta name=\"twitter:label1\" content=\"Escrito por\" \/>\n\t<meta name=\"twitter:data1\" content=\"@adminxar\" \/>\n\t<meta name=\"twitter:label2\" content=\"Tiempo de lectura\" \/>\n\t<meta name=\"twitter:data2\" content=\"2 minutos\" \/>\n<script type=\"application\/ld+json\" class=\"yoast-schema-graph\">{\"@context\":\"https:\\\/\\\/schema.org\",\"@graph\":[{\"@type\":\"Article\",\"@id\":\"https:\\\/\\\/antirumors.l-h.cat\\\/activitats\\\/el-parc-de-la-marquesa-acull-una-nova-edicio-de-la-festa-de-la-diversitat\\\/#article\",\"isPartOf\":{\"@id\":\"https:\\\/\\\/antirumors.l-h.cat\\\/activitats\\\/el-parc-de-la-marquesa-acull-una-nova-edicio-de-la-festa-de-la-diversitat\\\/\"},\"author\":{\"name\":\"@adminxar\",\"@id\":\"https:\\\/\\\/antirumors.l-h.cat\\\/#\\\/schema\\\/person\\\/5b6a498afd82502861f757dc0f1bf572\"},\"headline\":\"El parque de la Marquesa acoge una nueva edici\u00f3n de la Fiesta de la diversidad\",\"datePublished\":\"2024-06-16T16:43:00+00:00\",\"dateModified\":\"2024-07-20T16:54:02+00:00\",\"mainEntityOfPage\":{\"@id\":\"https:\\\/\\\/antirumors.l-h.cat\\\/activitats\\\/el-parc-de-la-marquesa-acull-una-nova-edicio-de-la-festa-de-la-diversitat\\\/\"},\"wordCount\":470,\"image\":{\"@id\":\"https:\\\/\\\/antirumors.l-h.cat\\\/activitats\\\/el-parc-de-la-marquesa-acull-una-nova-edicio-de-la-festa-de-la-diversitat\\\/#primaryimage\"},\"thumbnailUrl\":\"https:\\\/\\\/antirumors.l-h.cat\\\/wp-content\\\/uploads\\\/festa-diversitat-1-scaled.jpg\",\"articleSection\":[\"actividades\"],\"inLanguage\":\"es\"},{\"@type\":\"WebPage\",\"@id\":\"https:\\\/\\\/antirumors.l-h.cat\\\/es\\\/activitats\\\/el-parc-de-la-marquesa-acull-una-nova-edicio-de-la-festa-de-la-diversitat\\\/\",\"url\":\"https:\\\/\\\/antirumors.l-h.cat\\\/es\\\/activitats\\\/el-parc-de-la-marquesa-acull-una-nova-edicio-de-la-festa-de-la-diversitat\\\/\",\"name\":\"El parque de la Marquesa acoge una nueva edici\u00f3n de la Fiesta de la diversidad - RED ANTIRRUMORES L\u2019H\",\"isPartOf\":{\"@id\":\"https:\\\/\\\/antirumors.l-h.cat\\\/es\\\/#website\"},\"primaryImageOfPage\":{\"@id\":\"https:\\\/\\\/antirumors.l-h.cat\\\/es\\\/activitats\\\/el-parc-de-la-marquesa-acull-una-nova-edicio-de-la-festa-de-la-diversitat\\\/#primaryimage\"},\"image\":{\"@id\":\"https:\\\/\\\/antirumors.l-h.cat\\\/activitats\\\/el-parc-de-la-marquesa-acull-una-nova-edicio-de-la-festa-de-la-diversitat\\\/#primaryimage\"},\"thumbnailUrl\":\"https:\\\/\\\/antirumors.l-h.cat\\\/wp-content\\\/uploads\\\/festa-diversitat-1-scaled.jpg\",\"datePublished\":\"2024-06-16T16:43:00+00:00\",\"dateModified\":\"2024-07-20T16:54:02+00:00\",\"author\":{\"@id\":\"https:\\\/\\\/antirumors.l-h.cat\\\/#\\\/schema\\\/person\\\/5b6a498afd82502861f757dc0f1bf572\"},\"breadcrumb\":{\"@id\":\"https:\\\/\\\/antirumors.l-h.cat\\\/es\\\/activitats\\\/el-parc-de-la-marquesa-acull-una-nova-edicio-de-la-festa-de-la-diversitat\\\/#breadcrumb\"},\"inLanguage\":\"es\",\"potentialAction\":[{\"@type\":\"ReadAction\",\"target\":[[\"https:\\\/\\\/antirumors.l-h.cat\\\/es\\\/activitats\\\/el-parc-de-la-marquesa-acull-una-nova-edicio-de-la-festa-de-la-diversitat\\\/\"]]}]},{\"@type\":\"ImageObject\",\"inLanguage\":\"es\",\"@id\":\"https:\\\/\\\/antirumors.l-h.cat\\\/es\\\/activitats\\\/el-parc-de-la-marquesa-acull-una-nova-edicio-de-la-festa-de-la-diversitat\\\/#primaryimage\",\"url\":\"https:\\\/\\\/antirumors.l-h.cat\\\/wp-content\\\/uploads\\\/festa-diversitat-1-scaled.jpg\",\"contentUrl\":\"https:\\\/\\\/antirumors.l-h.cat\\\/wp-content\\\/uploads\\\/festa-diversitat-1-scaled.jpg\",\"width\":2560,\"height\":1707},{\"@type\":\"BreadcrumbList\",\"@id\":\"https:\\\/\\\/antirumors.l-h.cat\\\/es\\\/activitats\\\/el-parc-de-la-marquesa-acull-una-nova-edicio-de-la-festa-de-la-diversitat\\\/#breadcrumb\",\"itemListElement\":[{\"@type\":\"ListItem\",\"position\":1,\"name\":\"Inici\",\"item\":\"https:\\\/\\\/antirumors.l-h.cat\\\/es\\\/\"},{\"@type\":\"ListItem\",\"position\":2,\"name\":\"El parc de la Marquesa acull una nova edici\u00f3 de la Festa de la diversitat\"}]},{\"@type\":\"WebSite\",\"@id\":\"https:\\\/\\\/antirumors.l-h.cat\\\/es\\\/#website\",\"url\":\"https:\\\/\\\/antirumors.l-h.cat\\\/es\\\/\",\"name\":\"RED ANTIRRUMORES L\u2019H\",\"description\":\"\",\"potentialAction\":[{\"@type\":\"SearchAction\",\"target\":{\"@type\":\"EntryPoint\",\"urlTemplate\":\"https:\\\/\\\/antirumors.l-h.cat\\\/es\\\/?s={search_term_string}\"},\"query-input\":{\"@type\":\"PropertyValueSpecification\",\"valueRequired\":true,\"valueName\":\"search_term_string\"}}],\"inLanguage\":\"es\"},{\"@type\":\"Person\",\"@id\":\"https:\\\/\\\/antirumors.l-h.cat\\\/#\\\/schema\\\/person\\\/5b6a498afd82502861f757dc0f1bf572\",\"name\":\"@adminxar\",\"sameAs\":[\"https:\\\/\\\/antirumors.l-h.cat\"]}]}<\/script>\n<!-- \/ Yoast SEO plugin. -->","yoast_head_json":{"title":"El parque de la Marquesa acoge una nueva edici\u00f3n de la Fiesta de la diversidad - RED ANTIRRUMORES L\u2019H","robots":{"index":"index","follow":"follow","max-snippet":"max-snippet:-1","max-image-preview":"max-image-preview:large","max-video-preview":"max-video-preview:-1"},"canonical":"https:\/\/antirumors.l-h.cat\/es\/activitats\/el-parc-de-la-marquesa-acull-una-nova-edicio-de-la-festa-de-la-diversitat\/","og_locale":"es_ES","og_type":"article","og_title":"El parque de la Marquesa acoge una nueva edici\u00f3n de la Fiesta de la diversidad - RED ANTIRRUMORES L\u2019H","og_description":"Activitats organitzades per m\u00e9s de 50 ONG, entitats i col\u2022lectius de diferents \u00e0mbits","og_url":"https:\/\/antirumors.l-h.cat\/es\/activitats\/el-parc-de-la-marquesa-acull-una-nova-edicio-de-la-festa-de-la-diversitat\/","og_site_name":"RED ANTIRRUMORES L\u2019H","article_published_time":"2024-06-16T16:43:00+00:00","article_modified_time":"2024-07-20T16:54:02+00:00","og_image":[{"width":2560,"height":1707,"url":"https:\/\/antirumors.l-h.cat\/wp-content\/uploads\/festa-diversitat-1-scaled.jpg","type":"image\/jpeg"}],"author":"@adminxar","twitter_card":"summary_large_image","twitter_misc":{"Escrito por":"@adminxar","Tiempo de lectura":"2 minutos"},"schema":{"@context":"https:\/\/schema.org","@graph":[{"@type":"Article","@id":"https:\/\/antirumors.l-h.cat\/activitats\/el-parc-de-la-marquesa-acull-una-nova-edicio-de-la-festa-de-la-diversitat\/#article","isPartOf":{"@id":"https:\/\/antirumors.l-h.cat\/activitats\/el-parc-de-la-marquesa-acull-una-nova-edicio-de-la-festa-de-la-diversitat\/"},"author":{"name":"@adminxar","@id":"https:\/\/antirumors.l-h.cat\/#\/schema\/person\/5b6a498afd82502861f757dc0f1bf572"},"headline":"El parque de la Marquesa acoge una nueva edici\u00f3n de la Fiesta de la diversidad","datePublished":"2024-06-16T16:43:00+00:00","dateModified":"2024-07-20T16:54:02+00:00","mainEntityOfPage":{"@id":"https:\/\/antirumors.l-h.cat\/activitats\/el-parc-de-la-marquesa-acull-una-nova-edicio-de-la-festa-de-la-diversitat\/"},"wordCount":470,"image":{"@id":"https:\/\/antirumors.l-h.cat\/activitats\/el-parc-de-la-marquesa-acull-una-nova-edicio-de-la-festa-de-la-diversitat\/#primaryimage"},"thumbnailUrl":"https:\/\/antirumors.l-h.cat\/wp-content\/uploads\/festa-diversitat-1-scaled.jpg","articleSection":["actividades"],"inLanguage":"es"},{"@type":"WebPage","@id":"https:\/\/antirumors.l-h.cat\/es\/activitats\/el-parc-de-la-marquesa-acull-una-nova-edicio-de-la-festa-de-la-diversitat\/","url":"https:\/\/antirumors.l-h.cat\/es\/activitats\/el-parc-de-la-marquesa-acull-una-nova-edicio-de-la-festa-de-la-diversitat\/","name":"El parque de la Marquesa acoge una nueva edici\u00f3n de la Fiesta de la diversidad - RED ANTIRRUMORES L\u2019H","isPartOf":{"@id":"https:\/\/antirumors.l-h.cat\/es\/#website"},"primaryImageOfPage":{"@id":"https:\/\/antirumors.l-h.cat\/es\/activitats\/el-parc-de-la-marquesa-acull-una-nova-edicio-de-la-festa-de-la-diversitat\/#primaryimage"},"image":{"@id":"https:\/\/antirumors.l-h.cat\/activitats\/el-parc-de-la-marquesa-acull-una-nova-edicio-de-la-festa-de-la-diversitat\/#primaryimage"},"thumbnailUrl":"https:\/\/antirumors.l-h.cat\/wp-content\/uploads\/festa-diversitat-1-scaled.jpg","datePublished":"2024-06-16T16:43:00+00:00","dateModified":"2024-07-20T16:54:02+00:00","author":{"@id":"https:\/\/antirumors.l-h.cat\/#\/schema\/person\/5b6a498afd82502861f757dc0f1bf572"},"breadcrumb":{"@id":"https:\/\/antirumors.l-h.cat\/es\/activitats\/el-parc-de-la-marquesa-acull-una-nova-edicio-de-la-festa-de-la-diversitat\/#breadcrumb"},"inLanguage":"es","potentialAction":[{"@type":"ReadAction","target":[["https:\/\/antirumors.l-h.cat\/es\/activitats\/el-parc-de-la-marquesa-acull-una-nova-edicio-de-la-festa-de-la-diversitat\/"]]}]},{"@type":"ImageObject","inLanguage":"es","@id":"https:\/\/antirumors.l-h.cat\/es\/activitats\/el-parc-de-la-marquesa-acull-una-nova-edicio-de-la-festa-de-la-diversitat\/#primaryimage","url":"https:\/\/antirumors.l-h.cat\/wp-content\/uploads\/festa-diversitat-1-scaled.jpg","contentUrl":"https:\/\/antirumors.l-h.cat\/wp-content\/uploads\/festa-diversitat-1-scaled.jpg","width":2560,"height":1707},{"@type":"BreadcrumbList","@id":"https:\/\/antirumors.l-h.cat\/es\/activitats\/el-parc-de-la-marquesa-acull-una-nova-edicio-de-la-festa-de-la-diversitat\/#breadcrumb","itemListElement":[{"@type":"ListItem","position":1,"name":"Inici","item":"https:\/\/antirumors.l-h.cat\/es\/"},{"@type":"ListItem","position":2,"name":"El parc de la Marquesa acull una nova edici\u00f3 de la Festa de la diversitat"}]},{"@type":"WebSite","@id":"https:\/\/antirumors.l-h.cat\/es\/#website","url":"https:\/\/antirumors.l-h.cat\/es\/","name":"RED ANTIRRUMORES L\u2019H","description":"","potentialAction":[{"@type":"SearchAction","target":{"@type":"EntryPoint","urlTemplate":"https:\/\/antirumors.l-h.cat\/es\/?s={search_term_string}"},"query-input":{"@type":"PropertyValueSpecification","valueRequired":true,"valueName":"search_term_string"}}],"inLanguage":"es"},{"@type":"Person","@id":"https:\/\/antirumors.l-h.cat\/#\/schema\/person\/5b6a498afd82502861f757dc0f1bf572","name":"@adminxar","sameAs":["https:\/\/antirumors.l-h.cat"]}]}},"_links":{"self":[{"href":"https:\/\/antirumors.l-h.cat\/es\/wp-json\/wp\/v2\/posts\/347","targetHints":{"allow":["GET"]}}],"collection":[{"href":"https:\/\/antirumors.l-h.cat\/es\/wp-json\/wp\/v2\/posts"}],"about":[{"href":"https:\/\/antirumors.l-h.cat\/es\/wp-json\/wp\/v2\/types\/post"}],"author":[{"embeddable":true,"href":"https:\/\/antirumors.l-h.cat\/es\/wp-json\/wp\/v2\/users\/1"}],"replies":[{"embeddable":true,"href":"https:\/\/antirumors.l-h.cat\/es\/wp-json\/wp\/v2\/comments?post=347"}],"version-history":[{"count":5,"href":"https:\/\/antirumors.l-h.cat\/es\/wp-json\/wp\/v2\/posts\/347\/revisions"}],"predecessor-version":[{"id":418,"href":"https:\/\/antirumors.l-h.cat\/es\/wp-json\/wp\/v2\/posts\/347\/revisions\/418"}],"wp:featuredmedia":[{"embeddable":true,"href":"https:\/\/antirumors.l-h.cat\/es\/wp-json\/wp\/v2\/media\/349"}],"wp:attachment":[{"href":"https:\/\/antirumors.l-h.cat\/es\/wp-json\/wp\/v2\/media?parent=347"}],"wp:term":[{"taxonomy":"category","embeddable":true,"href":"https:\/\/antirumors.l-h.cat\/es\/wp-json\/wp\/v2\/categories?post=347"},{"taxonomy":"post_tag","embeddable":true,"href":"https:\/\/antirumors.l-h.cat\/es\/wp-json\/wp\/v2\/tags?post=347"}],"curies":[{"name":"wp","href":"https:\/\/api.w.org\/{rel}","templated":true}]}}